{"id":7505,"date":"2011-09-04T00:00:00","date_gmt":"2011-09-03T23:00:00","guid":{"rendered":"https:\/\/mintsnowboarding.com\/blog\/premiere-de-la-tournee-europeenne-the-art-of-flight-lart-de-voler\/"},"modified":"2023-03-03T17:22:34","modified_gmt":"2023-03-03T17:22:34","slug":"premiere-de-la-tournee-europeenne-the-art-of-flight-lart-de-voler","status":"publish","type":"post","link":"https:\/\/mintsnowboarding.com\/fr\/blog\/premiere-de-la-tournee-europeenne-the-art-of-flight-lart-de-voler\/","title":{"rendered":"Premi\u00e8re de la tourn\u00e9e europ\u00e9enne \u00ab\u00a0The Art of FLIGHT\u00a0\u00bb (L&rsquo;art de voler)"},"content":{"rendered":"<p><a href=\"https:\/\/mintsnowboarding.com\/wp-content\/uploads\/2011\/09\/Bande-annonce-the-art-of-flight-snowboard-redbull-quicksilver.jpg\"><img loading=\"lazy\" decoding=\"async\" class=\"aligncenter size-full wp-image-471\" title=\"the-art-of-flight-snowboard-redbull-quiksilver\" src=\"https:\/\/mintsnowboarding.com\/wp-content\/uploads\/2011\/09\/Bande-annonce-the-art-of-flight-snowboard-redbull-quicksilver.jpg\" alt=\"Art du vol Quiksilver\" width=\"580\" height=\"148\"><\/a><\/p>\n<p>&nbsp;<\/p>\n<p>Notre collaboration avec Quiksilver signifie que les gars de MINT se rendront \u00e0 la premi\u00e8re de Londres&#8230; c&rsquo;est g\u00e9nial ! !! Vous y serez ?<\/p>\n<p>Des airs \u00e0 couper le souffle dans l&rsquo;arri\u00e8re-pays, des premi\u00e8res descentes \u00e9poustouflantes sur des montagnes recul\u00e9es et des paysages \u00e0 couper le souffle film\u00e9s en HD : comme le montre la bande-annonce \u00e9nergique de \u00ab\u00a0Metal\u00a0\u00bb qui vient de sortir. \u00ab\u00a0The Art of FLIGHT\u00a0\u00bb combine une narration et un d\u00e9veloppement des personnages significatifs avec une action progressant de mani\u00e8re sportive, le tout captur\u00e9 sur un \u00e9quipement cin\u00e9matographique de pointe. Produit par la Red Bull Media House, en association avec Brain Farm Digital Cinema et avec la participation de Quiksilver. Le nouveau film exceptionnel de Curt Morgan d\u00e9marre sa tourn\u00e9e mondiale en avant-premi\u00e8re au Beacon Theatre de New York le 7 septembre 2011, pendant le Quiksilver Pro New York (\u00e9v\u00e9nement ASP World Tour). Ensuite, \u00ab\u00a0The Art of FLIGHT\u00a0\u00bb sera projet\u00e9 dans plus de 20 salles aux \u00c9tats-Unis et au Canada, avant de partir \u00e0 l&rsquo;\u00e9tranger, en Cor\u00e9e du Sud, au Japon, en Nouvelle-Z\u00e9lande et en Australie, avant une tourn\u00e9e massive en Europe. 15 \u00e9tapes sur 14 pays sont pr\u00e9vues de la France \u00e0 la Russie en passant par l&rsquo;Autriche (2 dates), l&rsquo;Allemagne, la Su\u00e8de, la Suisse, la Norv\u00e8ge, la Belgique, les Pays-Bas, l&rsquo;Espagne, l&rsquo;Italie, la R\u00e9publique tch\u00e8que, la Pologne et le Royaume-Uni !<\/p>\n<p>Le rider embl\u00e9matique de Quiksilver &amp; Red Bull, Travis Rice, Curt Morgan et une s\u00e9lection des meilleurs riders du monde assisteront \u00e0 l&rsquo;ensemble du tour.<\/p>\n<p>Pour plus d&rsquo;informations sur les dates de la tourn\u00e9e, consultez le site <a href=\"http:\/\/www.ArtofFLIGHTmovie.com\">www.ArtofFLIGHTmovie.com.<\/a><\/p>\n<p>\u00ab\u00a0Je suis impatient de rencontrer tous mes amis et les riders qui ont rendu ce projet possible. Nous avons travaill\u00e9 si longtemps pour le r\u00e9aliser et je suis vraiment impatient de voir comment les gens appr\u00e9cient ce que nous avons fait\u00a0\u00bb, d\u00e9clare Travis Rice. La tourn\u00e9e de la premi\u00e8re mondiale offrira aux t\u00e9l\u00e9spectateurs la meilleure fa\u00e7on de vivre l&rsquo;exp\u00e9rience \u00ab\u00a0The Art of FLIGHT\u00a0\u00bb en utilisant le fichier de l&rsquo;offre de cin\u00e9ma num\u00e9rique de Dolby comprenant le serveur d&rsquo;\u00e9cran Dolby DSS200 et le processeur de son de cin\u00e9ma Dolby CP750 utilis\u00e9 dans les grandes cha\u00eenes de cin\u00e9ma.<\/p>\n<p>\u00ab\u00a0The Art of FLIGHT\u00a0\u00bb sort sur Blu-ray\u2122, DVD et iTunes en Europe, en Asie et aux \u00c9tats-Unis le 8 septembre 2011 (consultez <a href=\"http:\/\/www.ArtofFLIGHTmovie.com\">www.ArtofFLIGHTmovie.com<\/a> pour conna\u00eetre les dates de sortie de tous les territoires). En Europe, le Blu-ray\u2122 et le DVD peuvent \u00eatre pr\u00e9command\u00e9s sur <a href=\"http:\/\/www.ArtofFLIGHTmovie.com\">www.ArtofFLIGHTmovie.com<\/a> et seront disponibles dans les magasins Quiksilver, sur <a href=\"http:\/\/www.quiksilver.com\">www.quiksilver.com<\/a> le 15 septembre et \u00e0 chaque \u00e9tape de la tourn\u00e9e europ\u00e9enne. En plus du film, Travis Rice a cr\u00e9\u00e9 le livre The Art of FLIGHT, un livre surdimensionn\u00e9, ax\u00e9 sur les photos, qui pr\u00e9sente les images \u00e9tonnantes captur\u00e9es et les histoires exclusives r\u00e9alis\u00e9es pendant le tournage. L&rsquo;\u00e9dition limit\u00e9e \u00e0 5 000 exemplaires comprendra \u00ab\u00a0The Art of FLIGHT\u00a0\u00bb sur Blu-ray\u2122 et DVD, sera num\u00e9rot\u00e9e individuellement avec un tampon manuel et vendue dans une bo\u00eete collector sp\u00e9ciale \u00e0 chaque \u00e9tape de la tourn\u00e9e europ\u00e9enne, dans une s\u00e9lection de magasins Quiksilver en Europe et sur quiksilver.com.<\/p>\n<p>Programme complet de la tourn\u00e9e mondiale de la premi\u00e8re \u00e9dition de \u00ab\u00a0The Art of FLIGHT\u00a0\u00bb :<br \/>\nNovembre 2011 : 8 Munich\/GER, 9 Vienne\/AUT, 10 Prague\/CZE, 12 Innsbruck\/AUT, 13 Milan\/ITA, 14 Lucerne\/SWI, 16 Madrid\/SPA, <strong>17 Londres\/GBR<\/strong>, 19 Oslo\/NOR, 21 Bruxelles\/BEL, 22 Amsterdam\/NED, 23 Varsovie\/POL, 24 Stockholm\/SWE, 26 Paris\/FRA, 27 Moscou\/RUS.<\/p>\n<p>&nbsp;<\/p>\n","protected":false},"excerpt":{"rendered":"&nbsp; Notre collaboration avec Quiksilver signifie que les gars de MINT se rendront \u00e0 la premi\u00e8re de Londres&#8230; c&rsquo;est g\u00e9nial ! !! Vous y serez ? Des airs \u00e0 couper le souffle dans l&rsquo;arri\u00e8re-pays, des premi\u00e8res descentes \u00e9poustouflantes sur des montagnes recul\u00e9es et des paysages \u00e0 couper le souffle film\u00e9s en HD : comme le&#8230;","protected":false},"author":2,"featured_media":0,"comment_status":"closed","ping_status":"closed","sticky":false,"template":"","format":"standard","meta":{"_acf_changed":false,"footnotes":""},"categories":[454],"class_list":["post-7505","post","type-post","status-publish","format-standard","hentry","category-nouvelles"],"acf":[],"yoast_head":"<!-- This site is optimized with the Yoast SEO plugin v26.7 - https:\/\/yoast.com\/wordpress\/plugins\/seo\/ -->\n<title>Premi\u00e8re de la tourn\u00e9e europ\u00e9enne &quot;The Art of FLIGHT&quot; (L&#039;art de voler) - MINT Snowboarding<\/title>\n<meta name=\"robots\" content=\"index, follow, max-snippet:-1, max-image-preview:large, max-video-preview:-1\" \/>\n<link rel=\"canonical\" href=\"https:\/\/mintsnowboarding.com\/fr\/blog\/premiere-de-la-tournee-europeenne-the-art-of-flight-lart-de-voler\/\" \/>\n<meta property=\"og:locale\" content=\"fr_FR\" \/>\n<meta property=\"og:type\" content=\"article\" \/>\n<meta property=\"og:title\" content=\"Premi\u00e8re de la tourn\u00e9e europ\u00e9enne &quot;The Art of FLIGHT&quot; (L&#039;art de voler) - MINT Snowboarding\" \/>\n<meta property=\"og:description\" content=\"&nbsp; Notre collaboration avec Quiksilver signifie que les gars de MINT se rendront \u00e0 la premi\u00e8re de Londres&#8230; c&rsquo;est g\u00e9nial ! !! Vous y serez ? Des airs \u00e0 couper le souffle dans l&rsquo;arri\u00e8re-pays, des premi\u00e8res descentes \u00e9poustouflantes sur des montagnes recul\u00e9es et des paysages \u00e0 couper le souffle film\u00e9s en HD : comme le...\" \/>\n<meta property=\"og:url\" content=\"https:\/\/mintsnowboarding.com\/fr\/blog\/premiere-de-la-tournee-europeenne-the-art-of-flight-lart-de-voler\/\" \/>\n<meta property=\"og:site_name\" content=\"MINT Snowboarding\" \/>\n<meta property=\"article:publisher\" content=\"https:\/\/www.facebook.com\/mintsnowboarding\/\" \/>\n<meta property=\"article:published_time\" content=\"2011-09-03T23:00:00+00:00\" \/>\n<meta property=\"article:modified_time\" content=\"2023-03-03T17:22:34+00:00\" \/>\n<meta property=\"og:image\" content=\"https:\/\/mintsnowboarding.com\/wp-content\/uploads\/2011\/09\/Bande-annonce-the-art-of-flight-snowboard-redbull-quicksilver.jpg\" \/>\n<meta name=\"author\" content=\"MINT Snowboarding\" \/>\n<meta name=\"twitter:card\" content=\"summary_large_image\" \/>\n<meta name=\"twitter:creator\" content=\"@MINTSnowboard\" \/>\n<meta name=\"twitter:site\" content=\"@MINTSnowboard\" \/>\n<meta name=\"twitter:label1\" content=\"\u00c9crit par\" \/>\n\t<meta name=\"twitter:data1\" content=\"MINT Snowboarding\" \/>\n\t<meta name=\"twitter:label2\" content=\"Dur\u00e9e de lecture estim\u00e9e\" \/>\n\t<meta name=\"twitter:data2\" content=\"3 minutes\" \/>\n<script type=\"application\/ld+json\" class=\"yoast-schema-graph\">{\"@context\":\"https:\/\/schema.org\",\"@graph\":[{\"@type\":\"Article\",\"@id\":\"https:\/\/mintsnowboarding.com\/fr\/blog\/premiere-de-la-tournee-europeenne-the-art-of-flight-lart-de-voler\/#article\",\"isPartOf\":{\"@id\":\"https:\/\/mintsnowboarding.com\/fr\/blog\/premiere-de-la-tournee-europeenne-the-art-of-flight-lart-de-voler\/\"},\"author\":{\"name\":\"MINT Snowboarding\",\"@id\":\"https:\/\/mintsnowboarding.com\/fr\/#\/schema\/person\/bc479927200685cf05ea9312708d6244\"},\"headline\":\"Premi\u00e8re de la tourn\u00e9e europ\u00e9enne \u00ab\u00a0The Art of FLIGHT\u00a0\u00bb (L&rsquo;art de voler)\",\"datePublished\":\"2011-09-03T23:00:00+00:00\",\"dateModified\":\"2023-03-03T17:22:34+00:00\",\"mainEntityOfPage\":{\"@id\":\"https:\/\/mintsnowboarding.com\/fr\/blog\/premiere-de-la-tournee-europeenne-the-art-of-flight-lart-de-voler\/\"},\"wordCount\":625,\"publisher\":{\"@id\":\"https:\/\/mintsnowboarding.com\/fr\/#organization\"},\"image\":{\"@id\":\"https:\/\/mintsnowboarding.com\/fr\/blog\/premiere-de-la-tournee-europeenne-the-art-of-flight-lart-de-voler\/#primaryimage\"},\"thumbnailUrl\":\"https:\/\/mintsnowboarding.com\/wp-content\/uploads\/2011\/09\/Bande-annonce-the-art-of-flight-snowboard-redbull-quicksilver.jpg\",\"articleSection\":[\"Nouvelles\"],\"inLanguage\":\"fr-FR\"},{\"@type\":\"WebPage\",\"@id\":\"https:\/\/mintsnowboarding.com\/fr\/blog\/premiere-de-la-tournee-europeenne-the-art-of-flight-lart-de-voler\/\",\"url\":\"https:\/\/mintsnowboarding.com\/fr\/blog\/premiere-de-la-tournee-europeenne-the-art-of-flight-lart-de-voler\/\",\"name\":\"Premi\u00e8re de la tourn\u00e9e europ\u00e9enne \\\"The Art of FLIGHT\\\" (L'art de voler) - MINT Snowboarding\",\"isPartOf\":{\"@id\":\"https:\/\/mintsnowboarding.com\/fr\/#website\"},\"primaryImageOfPage\":{\"@id\":\"https:\/\/mintsnowboarding.com\/fr\/blog\/premiere-de-la-tournee-europeenne-the-art-of-flight-lart-de-voler\/#primaryimage\"},\"image\":{\"@id\":\"https:\/\/mintsnowboarding.com\/fr\/blog\/premiere-de-la-tournee-europeenne-the-art-of-flight-lart-de-voler\/#primaryimage\"},\"thumbnailUrl\":\"https:\/\/mintsnowboarding.com\/wp-content\/uploads\/2011\/09\/Bande-annonce-the-art-of-flight-snowboard-redbull-quicksilver.jpg\",\"datePublished\":\"2011-09-03T23:00:00+00:00\",\"dateModified\":\"2023-03-03T17:22:34+00:00\",\"breadcrumb\":{\"@id\":\"https:\/\/mintsnowboarding.com\/fr\/blog\/premiere-de-la-tournee-europeenne-the-art-of-flight-lart-de-voler\/#breadcrumb\"},\"inLanguage\":\"fr-FR\",\"potentialAction\":[{\"@type\":\"ReadAction\",\"target\":[\"https:\/\/mintsnowboarding.com\/fr\/blog\/premiere-de-la-tournee-europeenne-the-art-of-flight-lart-de-voler\/\"]}]},{\"@type\":\"ImageObject\",\"inLanguage\":\"fr-FR\",\"@id\":\"https:\/\/mintsnowboarding.com\/fr\/blog\/premiere-de-la-tournee-europeenne-the-art-of-flight-lart-de-voler\/#primaryimage\",\"url\":\"https:\/\/mintsnowboarding.com\/wp-content\/uploads\/2011\/09\/Bande-annonce-the-art-of-flight-snowboard-redbull-quicksilver.jpg\",\"contentUrl\":\"https:\/\/mintsnowboarding.com\/wp-content\/uploads\/2011\/09\/Bande-annonce-the-art-of-flight-snowboard-redbull-quicksilver.jpg\"},{\"@type\":\"BreadcrumbList\",\"@id\":\"https:\/\/mintsnowboarding.com\/fr\/blog\/premiere-de-la-tournee-europeenne-the-art-of-flight-lart-de-voler\/#breadcrumb\",\"itemListElement\":[{\"@type\":\"ListItem\",\"position\":1,\"name\":\"Home\",\"item\":\"https:\/\/mintsnowboarding.com\/fr\/accueil\/\"},{\"@type\":\"ListItem\",\"position\":2,\"name\":\"Premi\u00e8re de la tourn\u00e9e europ\u00e9enne \u00ab\u00a0The Art of FLIGHT\u00a0\u00bb (L&rsquo;art de voler)\"}]},{\"@type\":\"WebSite\",\"@id\":\"https:\/\/mintsnowboarding.com\/fr\/#website\",\"url\":\"https:\/\/mintsnowboarding.com\/fr\/\",\"name\":\"MINT Snowboarding\",\"description\":\"\",\"publisher\":{\"@id\":\"https:\/\/mintsnowboarding.com\/fr\/#organization\"},\"potentialAction\":[{\"@type\":\"SearchAction\",\"target\":{\"@type\":\"EntryPoint\",\"urlTemplate\":\"https:\/\/mintsnowboarding.com\/fr\/?s={search_term_string}\"},\"query-input\":{\"@type\":\"PropertyValueSpecification\",\"valueRequired\":true,\"valueName\":\"search_term_string\"}}],\"inLanguage\":\"fr-FR\"},{\"@type\":\"Organization\",\"@id\":\"https:\/\/mintsnowboarding.com\/fr\/#organization\",\"name\":\"MINT Snowboarding\",\"url\":\"https:\/\/mintsnowboarding.com\/fr\/\",\"logo\":{\"@type\":\"ImageObject\",\"inLanguage\":\"fr-FR\",\"@id\":\"https:\/\/mintsnowboarding.com\/fr\/#\/schema\/logo\/image\/\",\"url\":\"https:\/\/mintsnowboarding.com\/wp-content\/uploads\/2017\/10\/mint-logo-text.png\",\"contentUrl\":\"https:\/\/mintsnowboarding.com\/wp-content\/uploads\/2017\/10\/mint-logo-text.png\",\"width\":486,\"height\":226,\"caption\":\"MINT Snowboarding\"},\"image\":{\"@id\":\"https:\/\/mintsnowboarding.com\/fr\/#\/schema\/logo\/image\/\"},\"sameAs\":[\"https:\/\/www.facebook.com\/mintsnowboarding\/\",\"https:\/\/x.com\/MINTSnowboard\",\"https:\/\/www.instagram.com\/mintsnowboarding\/\"]},{\"@type\":\"Person\",\"@id\":\"https:\/\/mintsnowboarding.com\/fr\/#\/schema\/person\/bc479927200685cf05ea9312708d6244\",\"name\":\"MINT Snowboarding\",\"image\":{\"@type\":\"ImageObject\",\"inLanguage\":\"fr-FR\",\"@id\":\"https:\/\/mintsnowboarding.com\/fr\/#\/schema\/person\/image\/\",\"url\":\"https:\/\/secure.gravatar.com\/avatar\/6aff2713b9559cbd27dbb36cc462afcedbb2e2f55b59886268b44afb688180fa?s=96&d=mm&r=g\",\"contentUrl\":\"https:\/\/secure.gravatar.com\/avatar\/6aff2713b9559cbd27dbb36cc462afcedbb2e2f55b59886268b44afb688180fa?s=96&d=mm&r=g\",\"caption\":\"MINT Snowboarding\"},\"sameAs\":[\"https:\/\/mintsnowboarding.com\"]}]}<\/script>\n<!-- \/ Yoast SEO plugin. -->","yoast_head_json":{"title":"Premi\u00e8re de la tourn\u00e9e europ\u00e9enne \"The Art of FLIGHT\" (L'art de voler) - MINT Snowboarding","robots":{"index":"index","follow":"follow","max-snippet":"max-snippet:-1","max-image-preview":"max-image-preview:large","max-video-preview":"max-video-preview:-1"},"canonical":"https:\/\/mintsnowboarding.com\/fr\/blog\/premiere-de-la-tournee-europeenne-the-art-of-flight-lart-de-voler\/","og_locale":"fr_FR","og_type":"article","og_title":"Premi\u00e8re de la tourn\u00e9e europ\u00e9enne \"The Art of FLIGHT\" (L'art de voler) - MINT Snowboarding","og_description":"&nbsp; Notre collaboration avec Quiksilver signifie que les gars de MINT se rendront \u00e0 la premi\u00e8re de Londres&#8230; c&rsquo;est g\u00e9nial ! !! Vous y serez ? Des airs \u00e0 couper le souffle dans l&rsquo;arri\u00e8re-pays, des premi\u00e8res descentes \u00e9poustouflantes sur des montagnes recul\u00e9es et des paysages \u00e0 couper le souffle film\u00e9s en HD : comme le...","og_url":"https:\/\/mintsnowboarding.com\/fr\/blog\/premiere-de-la-tournee-europeenne-the-art-of-flight-lart-de-voler\/","og_site_name":"MINT Snowboarding","article_publisher":"https:\/\/www.facebook.com\/mintsnowboarding\/","article_published_time":"2011-09-03T23:00:00+00:00","article_modified_time":"2023-03-03T17:22:34+00:00","og_image":[{"url":"https:\/\/mintsnowboarding.com\/wp-content\/uploads\/2011\/09\/Bande-annonce-the-art-of-flight-snowboard-redbull-quicksilver.jpg","type":"","width":"","height":""}],"author":"MINT Snowboarding","twitter_card":"summary_large_image","twitter_creator":"@MINTSnowboard","twitter_site":"@MINTSnowboard","twitter_misc":{"\u00c9crit par":"MINT Snowboarding","Dur\u00e9e de lecture estim\u00e9e":"3 minutes"},"schema":{"@context":"https:\/\/schema.org","@graph":[{"@type":"Article","@id":"https:\/\/mintsnowboarding.com\/fr\/blog\/premiere-de-la-tournee-europeenne-the-art-of-flight-lart-de-voler\/#article","isPartOf":{"@id":"https:\/\/mintsnowboarding.com\/fr\/blog\/premiere-de-la-tournee-europeenne-the-art-of-flight-lart-de-voler\/"},"author":{"name":"MINT Snowboarding","@id":"https:\/\/mintsnowboarding.com\/fr\/#\/schema\/person\/bc479927200685cf05ea9312708d6244"},"headline":"Premi\u00e8re de la tourn\u00e9e europ\u00e9enne \u00ab\u00a0The Art of FLIGHT\u00a0\u00bb (L&rsquo;art de voler)","datePublished":"2011-09-03T23:00:00+00:00","dateModified":"2023-03-03T17:22:34+00:00","mainEntityOfPage":{"@id":"https:\/\/mintsnowboarding.com\/fr\/blog\/premiere-de-la-tournee-europeenne-the-art-of-flight-lart-de-voler\/"},"wordCount":625,"publisher":{"@id":"https:\/\/mintsnowboarding.com\/fr\/#organization"},"image":{"@id":"https:\/\/mintsnowboarding.com\/fr\/blog\/premiere-de-la-tournee-europeenne-the-art-of-flight-lart-de-voler\/#primaryimage"},"thumbnailUrl":"https:\/\/mintsnowboarding.com\/wp-content\/uploads\/2011\/09\/Bande-annonce-the-art-of-flight-snowboard-redbull-quicksilver.jpg","articleSection":["Nouvelles"],"inLanguage":"fr-FR"},{"@type":"WebPage","@id":"https:\/\/mintsnowboarding.com\/fr\/blog\/premiere-de-la-tournee-europeenne-the-art-of-flight-lart-de-voler\/","url":"https:\/\/mintsnowboarding.com\/fr\/blog\/premiere-de-la-tournee-europeenne-the-art-of-flight-lart-de-voler\/","name":"Premi\u00e8re de la tourn\u00e9e europ\u00e9enne \"The Art of FLIGHT\" (L'art de voler) - MINT Snowboarding","isPartOf":{"@id":"https:\/\/mintsnowboarding.com\/fr\/#website"},"primaryImageOfPage":{"@id":"https:\/\/mintsnowboarding.com\/fr\/blog\/premiere-de-la-tournee-europeenne-the-art-of-flight-lart-de-voler\/#primaryimage"},"image":{"@id":"https:\/\/mintsnowboarding.com\/fr\/blog\/premiere-de-la-tournee-europeenne-the-art-of-flight-lart-de-voler\/#primaryimage"},"thumbnailUrl":"https:\/\/mintsnowboarding.com\/wp-content\/uploads\/2011\/09\/Bande-annonce-the-art-of-flight-snowboard-redbull-quicksilver.jpg","datePublished":"2011-09-03T23:00:00+00:00","dateModified":"2023-03-03T17:22:34+00:00","breadcrumb":{"@id":"https:\/\/mintsnowboarding.com\/fr\/blog\/premiere-de-la-tournee-europeenne-the-art-of-flight-lart-de-voler\/#breadcrumb"},"inLanguage":"fr-FR","potentialAction":[{"@type":"ReadAction","target":["https:\/\/mintsnowboarding.com\/fr\/blog\/premiere-de-la-tournee-europeenne-the-art-of-flight-lart-de-voler\/"]}]},{"@type":"ImageObject","inLanguage":"fr-FR","@id":"https:\/\/mintsnowboarding.com\/fr\/blog\/premiere-de-la-tournee-europeenne-the-art-of-flight-lart-de-voler\/#primaryimage","url":"https:\/\/mintsnowboarding.com\/wp-content\/uploads\/2011\/09\/Bande-annonce-the-art-of-flight-snowboard-redbull-quicksilver.jpg","contentUrl":"https:\/\/mintsnowboarding.com\/wp-content\/uploads\/2011\/09\/Bande-annonce-the-art-of-flight-snowboard-redbull-quicksilver.jpg"},{"@type":"BreadcrumbList","@id":"https:\/\/mintsnowboarding.com\/fr\/blog\/premiere-de-la-tournee-europeenne-the-art-of-flight-lart-de-voler\/#breadcrumb","itemListElement":[{"@type":"ListItem","position":1,"name":"Home","item":"https:\/\/mintsnowboarding.com\/fr\/accueil\/"},{"@type":"ListItem","position":2,"name":"Premi\u00e8re de la tourn\u00e9e europ\u00e9enne \u00ab\u00a0The Art of FLIGHT\u00a0\u00bb (L&rsquo;art de voler)"}]},{"@type":"WebSite","@id":"https:\/\/mintsnowboarding.com\/fr\/#website","url":"https:\/\/mintsnowboarding.com\/fr\/","name":"MINT Snowboarding","description":"","publisher":{"@id":"https:\/\/mintsnowboarding.com\/fr\/#organization"},"potentialAction":[{"@type":"SearchAction","target":{"@type":"EntryPoint","urlTemplate":"https:\/\/mintsnowboarding.com\/fr\/?s={search_term_string}"},"query-input":{"@type":"PropertyValueSpecification","valueRequired":true,"valueName":"search_term_string"}}],"inLanguage":"fr-FR"},{"@type":"Organization","@id":"https:\/\/mintsnowboarding.com\/fr\/#organization","name":"MINT Snowboarding","url":"https:\/\/mintsnowboarding.com\/fr\/","logo":{"@type":"ImageObject","inLanguage":"fr-FR","@id":"https:\/\/mintsnowboarding.com\/fr\/#\/schema\/logo\/image\/","url":"https:\/\/mintsnowboarding.com\/wp-content\/uploads\/2017\/10\/mint-logo-text.png","contentUrl":"https:\/\/mintsnowboarding.com\/wp-content\/uploads\/2017\/10\/mint-logo-text.png","width":486,"height":226,"caption":"MINT Snowboarding"},"image":{"@id":"https:\/\/mintsnowboarding.com\/fr\/#\/schema\/logo\/image\/"},"sameAs":["https:\/\/www.facebook.com\/mintsnowboarding\/","https:\/\/x.com\/MINTSnowboard","https:\/\/www.instagram.com\/mintsnowboarding\/"]},{"@type":"Person","@id":"https:\/\/mintsnowboarding.com\/fr\/#\/schema\/person\/bc479927200685cf05ea9312708d6244","name":"MINT Snowboarding","image":{"@type":"ImageObject","inLanguage":"fr-FR","@id":"https:\/\/mintsnowboarding.com\/fr\/#\/schema\/person\/image\/","url":"https:\/\/secure.gravatar.com\/avatar\/6aff2713b9559cbd27dbb36cc462afcedbb2e2f55b59886268b44afb688180fa?s=96&d=mm&r=g","contentUrl":"https:\/\/secure.gravatar.com\/avatar\/6aff2713b9559cbd27dbb36cc462afcedbb2e2f55b59886268b44afb688180fa?s=96&d=mm&r=g","caption":"MINT Snowboarding"},"sameAs":["https:\/\/mintsnowboarding.com"]}]}},"_links":{"self":[{"href":"https:\/\/mintsnowboarding.com\/fr\/wp-json\/wp\/v2\/posts\/7505","targetHints":{"allow":["GET"]}}],"collection":[{"href":"https:\/\/mintsnowboarding.com\/fr\/wp-json\/wp\/v2\/posts"}],"about":[{"href":"https:\/\/mintsnowboarding.com\/fr\/wp-json\/wp\/v2\/types\/post"}],"author":[{"embeddable":true,"href":"https:\/\/mintsnowboarding.com\/fr\/wp-json\/wp\/v2\/users\/2"}],"replies":[{"embeddable":true,"href":"https:\/\/mintsnowboarding.com\/fr\/wp-json\/wp\/v2\/comments?post=7505"}],"version-history":[{"count":0,"href":"https:\/\/mintsnowboarding.com\/fr\/wp-json\/wp\/v2\/posts\/7505\/revisions"}],"wp:attachment":[{"href":"https:\/\/mintsnowboarding.com\/fr\/wp-json\/wp\/v2\/media?parent=7505"}],"wp:term":[{"taxonomy":"category","embeddable":true,"href":"https:\/\/mintsnowboarding.com\/fr\/wp-json\/wp\/v2\/categories?post=7505"}],"curies":[{"name":"wp","href":"https:\/\/api.w.org\/{rel}","templated":true}]}}