{"id":5524,"date":"2017-10-08T09:20:33","date_gmt":"2017-10-08T08:20:33","guid":{"rendered":"https:\/\/mintsnowboarding.com\/blog\/neige-tres-precoce-dans-les-alpes\/"},"modified":"2023-03-03T17:18:13","modified_gmt":"2023-03-03T17:18:13","slug":"neige-tres-precoce-dans-les-alpes","status":"publish","type":"post","link":"https:\/\/mintsnowboarding.com\/fr\/blog\/neige-tres-precoce-dans-les-alpes\/","title":{"rendered":"Neige tr\u00e8s pr\u00e9coce dans les Alpes"},"content":{"rendered":"<p>Ces derniers jours, il a neig\u00e9 sur les plus hauts sommets des Alpes. Si l&rsquo;on consid\u00e8re qu&rsquo;hier n&rsquo;\u00e9tait que le 1er septembre, la neige est incroyablement pr\u00e9coce ! On a vraiment l&rsquo;impression que l&rsquo;hiver est dans l&rsquo;air.<\/p>\n<p>Avec le retour d&rsquo;un temps plus chaud dans la semaine, cette neige ne restera pas longtemps, mais c&rsquo;est tout de m\u00eame agr\u00e9able de l&rsquo;avoir vue !<\/p>\n<p>L&rsquo;\u00e9t\u00e9 a \u00e9t\u00e9 long et chaud dans les Alpes, et la neige a malheureusement beaucoup fondu sur les glaciers. Cela signifie \u00e9galement que plusieurs des stations de ski d&rsquo;\u00e9t\u00e9 ont \u00e9t\u00e9 contraintes de fermer plus t\u00f4t.<\/p>\n<p>Regardez la neige qui tombe \u00e0 Val Thorens &#8211; de quoi nous enthousiasmer pour l&rsquo;hiver \u00e0 venir !<\/p>\n<p><iframe loading=\"lazy\" src=\"https:\/\/www.facebook.com\/plugins\/video.php?href=https%3A%2F%2Fwww.facebook.com%2Fvalthorens.resort%2Fvideos%2F10155783825112764%2F&amp;show_text=0&amp;width=560\" width=\"560\" height=\"315\" frameborder=\"0\" scrolling=\"no\" allowfullscreen=\"allowfullscreen\" data-mce-fragment=\"1\"><\/iframe><\/p>\n<p>Alors, qu&rsquo;est-ce que cela signifie pour l&rsquo;hiver 2017\/2018 ? En toute honn\u00eatet\u00e9, la r\u00e9ponse est rien. Une chute de neige aussi pr\u00e9coce ne restera pas dans les parages, il s&rsquo;agit plut\u00f4t d&rsquo;une petite taquinerie pour nous enthousiasmer pour l&rsquo;hiver. Toutes sortes de contes de bonne femme que nous avons entendus r\u00e9cemment de la part du vieux Morzinois local laissent pr\u00e9sager un hiver froid. Nous avons entendu tout et n&rsquo;importe quoi, des hirondelles indiquant une migration pr\u00e9coce au grand nombre de gu\u00eapes (ce qui est le cas) en passant par le grand nombre de souris (ce qui est apparemment aussi vrai) &#8211; tous des indicateurs d&rsquo;un hiver anormalement froid. Croisons les doigts pour qu&rsquo;ils aient raison !<\/p>\n<div id=\"attachment_5032\" style=\"width: 958px\" class=\"wp-caption aligncenter\"><a href=\"https:\/\/mintsnowboarding.com\/wp-content\/uploads\/2017\/09\/SnipImage.jpg\"><img loading=\"lazy\" decoding=\"async\" aria-describedby=\"caption-attachment-5032\" class=\"size-full wp-image-5032\" src=\"https:\/\/mintsnowboarding.com\/wp-content\/uploads\/2017\/09\/SnipImage.jpg\" alt=\"  Neige pr\u00e9coce sur les sommets \u00e0 Avoriaz\" width=\"948\" height=\"702\"><\/a><p id=\"caption-attachment-5032\" class=\"wp-caption-text\">La neige sur les sommets \u00e0 Avoriaz, le 3 septembre 2017.<\/p><\/div>\n<p>&nbsp;<\/p>\n<div id=\"attachment_5030\" style=\"width: 1006px\" class=\"wp-caption aligncenter\"><a href=\"https:\/\/mintsnowboarding.com\/wp-content\/uploads\/2017\/09\/Screenshot-2017-09-05-15.47.09.png\"><img loading=\"lazy\" decoding=\"async\" aria-describedby=\"caption-attachment-5030\" class=\"size-full wp-image-5030\" src=\"https:\/\/mintsnowboarding.com\/wp-content\/uploads\/2017\/09\/Screenshot-2017-09-05-15.47.09.png\" alt=\"neige pr\u00e9coce \u00e0 Val Thorens septembre 2017\" width=\"996\" height=\"663\"><\/a><p id=\"caption-attachment-5030\" class=\"wp-caption-text\">Neige pr\u00e9coce \u00e0 Val Thorens, le 3 septembre 2017<\/p><\/div>\n<p>&nbsp;<\/p>\n<div id=\"attachment_5031\" style=\"width: 998px\" class=\"wp-caption aligncenter\"><a href=\"https:\/\/mintsnowboarding.com\/wp-content\/uploads\/2017\/09\/Screenshot-2017-09-05-15.52.24.png\"><img loading=\"lazy\" decoding=\"async\" aria-describedby=\"caption-attachment-5031\" class=\"size-full wp-image-5031\" src=\"https:\/\/mintsnowboarding.com\/wp-content\/uploads\/2017\/09\/Screenshot-2017-09-05-15.52.24.png\" alt=\"neige pr\u00e9coce dans les alpes 2017\" width=\"988\" height=\"464\"><\/a><p id=\"caption-attachment-5031\" class=\"wp-caption-text\">Glacier de la Grande Motte \u00e0 Tignes, 3 septembre 2017<\/p><\/div>\n","protected":false},"excerpt":{"rendered":"Ces derniers jours, il a neig\u00e9 sur les plus hauts sommets des Alpes. Si l&rsquo;on consid\u00e8re qu&rsquo;hier n&rsquo;\u00e9tait que le 1er septembre, la neige est incroyablement pr\u00e9coce ! On a vraiment l&rsquo;impression que l&rsquo;hiver est dans l&rsquo;air. Avec le retour d&rsquo;un temps plus chaud dans la semaine, cette neige ne restera pas longtemps, mais c&rsquo;est&#8230;","protected":false},"author":2,"featured_media":0,"comment_status":"closed","ping_status":"closed","sticky":false,"template":"","format":"standard","meta":{"_acf_changed":false,"footnotes":""},"categories":[454],"class_list":["post-5524","post","type-post","status-publish","format-standard","hentry","category-nouvelles"],"acf":[],"yoast_head":"<!-- This site is optimized with the Yoast SEO plugin v26.7 - https:\/\/yoast.com\/wordpress\/plugins\/seo\/ -->\n<title>Neige tr\u00e8s pr\u00e9coce dans les Alpes | L&#039;hiver europ\u00e9en a-t-il commenc\u00e9 t\u00f4t ?<\/title>\n<meta name=\"description\" content=\"Le 1er septembre 2017 a \u00e9t\u00e9 marqu\u00e9 par d&#039;importantes chutes de neige dans les Alpes europ\u00e9ennes. Que signifie cette neige pr\u00e9coce pour l&#039;hiver \u00e0 venir ?\" \/>\n<meta name=\"robots\" content=\"index, follow, max-snippet:-1, max-image-preview:large, max-video-preview:-1\" \/>\n<link rel=\"canonical\" href=\"https:\/\/mintsnowboarding.com\/fr\/blog\/neige-tres-precoce-dans-les-alpes\/\" \/>\n<meta property=\"og:locale\" content=\"fr_FR\" \/>\n<meta property=\"og:type\" content=\"article\" \/>\n<meta property=\"og:title\" content=\"Neige tr\u00e8s pr\u00e9coce dans les Alpes | L&#039;hiver europ\u00e9en a-t-il commenc\u00e9 t\u00f4t ?\" \/>\n<meta property=\"og:description\" content=\"Le 1er septembre 2017 a \u00e9t\u00e9 marqu\u00e9 par d&#039;importantes chutes de neige dans les Alpes europ\u00e9ennes. Que signifie cette neige pr\u00e9coce pour l&#039;hiver \u00e0 venir ?\" \/>\n<meta property=\"og:url\" content=\"https:\/\/mintsnowboarding.com\/fr\/blog\/neige-tres-precoce-dans-les-alpes\/\" \/>\n<meta property=\"og:site_name\" content=\"MINT Snowboarding\" \/>\n<meta property=\"article:publisher\" content=\"https:\/\/www.facebook.com\/mintsnowboarding\/\" \/>\n<meta property=\"article:published_time\" content=\"2017-10-08T08:20:33+00:00\" \/>\n<meta property=\"article:modified_time\" content=\"2023-03-03T17:18:13+00:00\" \/>\n<meta property=\"og:image\" content=\"https:\/\/mintsnowboarding.com\/wp-content\/uploads\/2017\/09\/SnipImage.jpg\" \/>\n<meta name=\"author\" content=\"MINT Snowboarding\" \/>\n<meta name=\"twitter:card\" content=\"summary_large_image\" \/>\n<meta name=\"twitter:creator\" content=\"@MINTSnowboard\" \/>\n<meta name=\"twitter:site\" content=\"@MINTSnowboard\" \/>\n<meta name=\"twitter:label1\" content=\"\u00c9crit par\" \/>\n\t<meta name=\"twitter:data1\" content=\"MINT Snowboarding\" \/>\n\t<meta name=\"twitter:label2\" content=\"Dur\u00e9e de lecture estim\u00e9e\" \/>\n\t<meta name=\"twitter:data2\" content=\"1 minute\" \/>\n<script type=\"application\/ld+json\" class=\"yoast-schema-graph\">{\"@context\":\"https:\/\/schema.org\",\"@graph\":[{\"@type\":\"Article\",\"@id\":\"https:\/\/mintsnowboarding.com\/fr\/blog\/neige-tres-precoce-dans-les-alpes\/#article\",\"isPartOf\":{\"@id\":\"https:\/\/mintsnowboarding.com\/fr\/blog\/neige-tres-precoce-dans-les-alpes\/\"},\"author\":{\"name\":\"MINT Snowboarding\",\"@id\":\"https:\/\/mintsnowboarding.com\/fr\/#\/schema\/person\/bc479927200685cf05ea9312708d6244\"},\"headline\":\"Neige tr\u00e8s pr\u00e9coce dans les Alpes\",\"datePublished\":\"2017-10-08T08:20:33+00:00\",\"dateModified\":\"2023-03-03T17:18:13+00:00\",\"mainEntityOfPage\":{\"@id\":\"https:\/\/mintsnowboarding.com\/fr\/blog\/neige-tres-precoce-dans-les-alpes\/\"},\"wordCount\":311,\"publisher\":{\"@id\":\"https:\/\/mintsnowboarding.com\/fr\/#organization\"},\"image\":{\"@id\":\"https:\/\/mintsnowboarding.com\/fr\/blog\/neige-tres-precoce-dans-les-alpes\/#primaryimage\"},\"thumbnailUrl\":\"https:\/\/mintsnowboarding.com\/wp-content\/uploads\/2017\/09\/SnipImage.jpg\",\"articleSection\":[\"Nouvelles\"],\"inLanguage\":\"fr-FR\"},{\"@type\":\"WebPage\",\"@id\":\"https:\/\/mintsnowboarding.com\/fr\/blog\/neige-tres-precoce-dans-les-alpes\/\",\"url\":\"https:\/\/mintsnowboarding.com\/fr\/blog\/neige-tres-precoce-dans-les-alpes\/\",\"name\":\"Neige tr\u00e8s pr\u00e9coce dans les Alpes | L'hiver europ\u00e9en a-t-il commenc\u00e9 t\u00f4t ?\",\"isPartOf\":{\"@id\":\"https:\/\/mintsnowboarding.com\/fr\/#website\"},\"primaryImageOfPage\":{\"@id\":\"https:\/\/mintsnowboarding.com\/fr\/blog\/neige-tres-precoce-dans-les-alpes\/#primaryimage\"},\"image\":{\"@id\":\"https:\/\/mintsnowboarding.com\/fr\/blog\/neige-tres-precoce-dans-les-alpes\/#primaryimage\"},\"thumbnailUrl\":\"https:\/\/mintsnowboarding.com\/wp-content\/uploads\/2017\/09\/SnipImage.jpg\",\"datePublished\":\"2017-10-08T08:20:33+00:00\",\"dateModified\":\"2023-03-03T17:18:13+00:00\",\"description\":\"Le 1er septembre 2017 a \u00e9t\u00e9 marqu\u00e9 par d'importantes chutes de neige dans les Alpes europ\u00e9ennes. Que signifie cette neige pr\u00e9coce pour l'hiver \u00e0 venir ?\",\"breadcrumb\":{\"@id\":\"https:\/\/mintsnowboarding.com\/fr\/blog\/neige-tres-precoce-dans-les-alpes\/#breadcrumb\"},\"inLanguage\":\"fr-FR\",\"potentialAction\":[{\"@type\":\"ReadAction\",\"target\":[\"https:\/\/mintsnowboarding.com\/fr\/blog\/neige-tres-precoce-dans-les-alpes\/\"]}]},{\"@type\":\"ImageObject\",\"inLanguage\":\"fr-FR\",\"@id\":\"https:\/\/mintsnowboarding.com\/fr\/blog\/neige-tres-precoce-dans-les-alpes\/#primaryimage\",\"url\":\"https:\/\/mintsnowboarding.com\/wp-content\/uploads\/2017\/09\/SnipImage.jpg\",\"contentUrl\":\"https:\/\/mintsnowboarding.com\/wp-content\/uploads\/2017\/09\/SnipImage.jpg\"},{\"@type\":\"BreadcrumbList\",\"@id\":\"https:\/\/mintsnowboarding.com\/fr\/blog\/neige-tres-precoce-dans-les-alpes\/#breadcrumb\",\"itemListElement\":[{\"@type\":\"ListItem\",\"position\":1,\"name\":\"Home\",\"item\":\"https:\/\/mintsnowboarding.com\/fr\/accueil\/\"},{\"@type\":\"ListItem\",\"position\":2,\"name\":\"Neige tr\u00e8s pr\u00e9coce dans les Alpes\"}]},{\"@type\":\"WebSite\",\"@id\":\"https:\/\/mintsnowboarding.com\/fr\/#website\",\"url\":\"https:\/\/mintsnowboarding.com\/fr\/\",\"name\":\"MINT Snowboarding\",\"description\":\"\",\"publisher\":{\"@id\":\"https:\/\/mintsnowboarding.com\/fr\/#organization\"},\"potentialAction\":[{\"@type\":\"SearchAction\",\"target\":{\"@type\":\"EntryPoint\",\"urlTemplate\":\"https:\/\/mintsnowboarding.com\/fr\/?s={search_term_string}\"},\"query-input\":{\"@type\":\"PropertyValueSpecification\",\"valueRequired\":true,\"valueName\":\"search_term_string\"}}],\"inLanguage\":\"fr-FR\"},{\"@type\":\"Organization\",\"@id\":\"https:\/\/mintsnowboarding.com\/fr\/#organization\",\"name\":\"MINT Snowboarding\",\"url\":\"https:\/\/mintsnowboarding.com\/fr\/\",\"logo\":{\"@type\":\"ImageObject\",\"inLanguage\":\"fr-FR\",\"@id\":\"https:\/\/mintsnowboarding.com\/fr\/#\/schema\/logo\/image\/\",\"url\":\"https:\/\/mintsnowboarding.com\/wp-content\/uploads\/2017\/10\/mint-logo-text.png\",\"contentUrl\":\"https:\/\/mintsnowboarding.com\/wp-content\/uploads\/2017\/10\/mint-logo-text.png\",\"width\":486,\"height\":226,\"caption\":\"MINT Snowboarding\"},\"image\":{\"@id\":\"https:\/\/mintsnowboarding.com\/fr\/#\/schema\/logo\/image\/\"},\"sameAs\":[\"https:\/\/www.facebook.com\/mintsnowboarding\/\",\"https:\/\/x.com\/MINTSnowboard\",\"https:\/\/www.instagram.com\/mintsnowboarding\/\"]},{\"@type\":\"Person\",\"@id\":\"https:\/\/mintsnowboarding.com\/fr\/#\/schema\/person\/bc479927200685cf05ea9312708d6244\",\"name\":\"MINT Snowboarding\",\"image\":{\"@type\":\"ImageObject\",\"inLanguage\":\"fr-FR\",\"@id\":\"https:\/\/mintsnowboarding.com\/fr\/#\/schema\/person\/image\/\",\"url\":\"https:\/\/secure.gravatar.com\/avatar\/6aff2713b9559cbd27dbb36cc462afcedbb2e2f55b59886268b44afb688180fa?s=96&d=mm&r=g\",\"contentUrl\":\"https:\/\/secure.gravatar.com\/avatar\/6aff2713b9559cbd27dbb36cc462afcedbb2e2f55b59886268b44afb688180fa?s=96&d=mm&r=g\",\"caption\":\"MINT Snowboarding\"},\"sameAs\":[\"https:\/\/mintsnowboarding.com\"]}]}<\/script>\n<!-- \/ Yoast SEO plugin. -->","yoast_head_json":{"title":"Neige tr\u00e8s pr\u00e9coce dans les Alpes | L'hiver europ\u00e9en a-t-il commenc\u00e9 t\u00f4t ?","description":"Le 1er septembre 2017 a \u00e9t\u00e9 marqu\u00e9 par d'importantes chutes de neige dans les Alpes europ\u00e9ennes. Que signifie cette neige pr\u00e9coce pour l'hiver \u00e0 venir ?","robots":{"index":"index","follow":"follow","max-snippet":"max-snippet:-1","max-image-preview":"max-image-preview:large","max-video-preview":"max-video-preview:-1"},"canonical":"https:\/\/mintsnowboarding.com\/fr\/blog\/neige-tres-precoce-dans-les-alpes\/","og_locale":"fr_FR","og_type":"article","og_title":"Neige tr\u00e8s pr\u00e9coce dans les Alpes | L'hiver europ\u00e9en a-t-il commenc\u00e9 t\u00f4t ?","og_description":"Le 1er septembre 2017 a \u00e9t\u00e9 marqu\u00e9 par d'importantes chutes de neige dans les Alpes europ\u00e9ennes. Que signifie cette neige pr\u00e9coce pour l'hiver \u00e0 venir ?","og_url":"https:\/\/mintsnowboarding.com\/fr\/blog\/neige-tres-precoce-dans-les-alpes\/","og_site_name":"MINT Snowboarding","article_publisher":"https:\/\/www.facebook.com\/mintsnowboarding\/","article_published_time":"2017-10-08T08:20:33+00:00","article_modified_time":"2023-03-03T17:18:13+00:00","og_image":[{"url":"https:\/\/mintsnowboarding.com\/wp-content\/uploads\/2017\/09\/SnipImage.jpg","type":"","width":"","height":""}],"author":"MINT Snowboarding","twitter_card":"summary_large_image","twitter_creator":"@MINTSnowboard","twitter_site":"@MINTSnowboard","twitter_misc":{"\u00c9crit par":"MINT Snowboarding","Dur\u00e9e de lecture estim\u00e9e":"1 minute"},"schema":{"@context":"https:\/\/schema.org","@graph":[{"@type":"Article","@id":"https:\/\/mintsnowboarding.com\/fr\/blog\/neige-tres-precoce-dans-les-alpes\/#article","isPartOf":{"@id":"https:\/\/mintsnowboarding.com\/fr\/blog\/neige-tres-precoce-dans-les-alpes\/"},"author":{"name":"MINT Snowboarding","@id":"https:\/\/mintsnowboarding.com\/fr\/#\/schema\/person\/bc479927200685cf05ea9312708d6244"},"headline":"Neige tr\u00e8s pr\u00e9coce dans les Alpes","datePublished":"2017-10-08T08:20:33+00:00","dateModified":"2023-03-03T17:18:13+00:00","mainEntityOfPage":{"@id":"https:\/\/mintsnowboarding.com\/fr\/blog\/neige-tres-precoce-dans-les-alpes\/"},"wordCount":311,"publisher":{"@id":"https:\/\/mintsnowboarding.com\/fr\/#organization"},"image":{"@id":"https:\/\/mintsnowboarding.com\/fr\/blog\/neige-tres-precoce-dans-les-alpes\/#primaryimage"},"thumbnailUrl":"https:\/\/mintsnowboarding.com\/wp-content\/uploads\/2017\/09\/SnipImage.jpg","articleSection":["Nouvelles"],"inLanguage":"fr-FR"},{"@type":"WebPage","@id":"https:\/\/mintsnowboarding.com\/fr\/blog\/neige-tres-precoce-dans-les-alpes\/","url":"https:\/\/mintsnowboarding.com\/fr\/blog\/neige-tres-precoce-dans-les-alpes\/","name":"Neige tr\u00e8s pr\u00e9coce dans les Alpes | L'hiver europ\u00e9en a-t-il commenc\u00e9 t\u00f4t ?","isPartOf":{"@id":"https:\/\/mintsnowboarding.com\/fr\/#website"},"primaryImageOfPage":{"@id":"https:\/\/mintsnowboarding.com\/fr\/blog\/neige-tres-precoce-dans-les-alpes\/#primaryimage"},"image":{"@id":"https:\/\/mintsnowboarding.com\/fr\/blog\/neige-tres-precoce-dans-les-alpes\/#primaryimage"},"thumbnailUrl":"https:\/\/mintsnowboarding.com\/wp-content\/uploads\/2017\/09\/SnipImage.jpg","datePublished":"2017-10-08T08:20:33+00:00","dateModified":"2023-03-03T17:18:13+00:00","description":"Le 1er septembre 2017 a \u00e9t\u00e9 marqu\u00e9 par d'importantes chutes de neige dans les Alpes europ\u00e9ennes. Que signifie cette neige pr\u00e9coce pour l'hiver \u00e0 venir ?","breadcrumb":{"@id":"https:\/\/mintsnowboarding.com\/fr\/blog\/neige-tres-precoce-dans-les-alpes\/#breadcrumb"},"inLanguage":"fr-FR","potentialAction":[{"@type":"ReadAction","target":["https:\/\/mintsnowboarding.com\/fr\/blog\/neige-tres-precoce-dans-les-alpes\/"]}]},{"@type":"ImageObject","inLanguage":"fr-FR","@id":"https:\/\/mintsnowboarding.com\/fr\/blog\/neige-tres-precoce-dans-les-alpes\/#primaryimage","url":"https:\/\/mintsnowboarding.com\/wp-content\/uploads\/2017\/09\/SnipImage.jpg","contentUrl":"https:\/\/mintsnowboarding.com\/wp-content\/uploads\/2017\/09\/SnipImage.jpg"},{"@type":"BreadcrumbList","@id":"https:\/\/mintsnowboarding.com\/fr\/blog\/neige-tres-precoce-dans-les-alpes\/#breadcrumb","itemListElement":[{"@type":"ListItem","position":1,"name":"Home","item":"https:\/\/mintsnowboarding.com\/fr\/accueil\/"},{"@type":"ListItem","position":2,"name":"Neige tr\u00e8s pr\u00e9coce dans les Alpes"}]},{"@type":"WebSite","@id":"https:\/\/mintsnowboarding.com\/fr\/#website","url":"https:\/\/mintsnowboarding.com\/fr\/","name":"MINT Snowboarding","description":"","publisher":{"@id":"https:\/\/mintsnowboarding.com\/fr\/#organization"},"potentialAction":[{"@type":"SearchAction","target":{"@type":"EntryPoint","urlTemplate":"https:\/\/mintsnowboarding.com\/fr\/?s={search_term_string}"},"query-input":{"@type":"PropertyValueSpecification","valueRequired":true,"valueName":"search_term_string"}}],"inLanguage":"fr-FR"},{"@type":"Organization","@id":"https:\/\/mintsnowboarding.com\/fr\/#organization","name":"MINT Snowboarding","url":"https:\/\/mintsnowboarding.com\/fr\/","logo":{"@type":"ImageObject","inLanguage":"fr-FR","@id":"https:\/\/mintsnowboarding.com\/fr\/#\/schema\/logo\/image\/","url":"https:\/\/mintsnowboarding.com\/wp-content\/uploads\/2017\/10\/mint-logo-text.png","contentUrl":"https:\/\/mintsnowboarding.com\/wp-content\/uploads\/2017\/10\/mint-logo-text.png","width":486,"height":226,"caption":"MINT Snowboarding"},"image":{"@id":"https:\/\/mintsnowboarding.com\/fr\/#\/schema\/logo\/image\/"},"sameAs":["https:\/\/www.facebook.com\/mintsnowboarding\/","https:\/\/x.com\/MINTSnowboard","https:\/\/www.instagram.com\/mintsnowboarding\/"]},{"@type":"Person","@id":"https:\/\/mintsnowboarding.com\/fr\/#\/schema\/person\/bc479927200685cf05ea9312708d6244","name":"MINT Snowboarding","image":{"@type":"ImageObject","inLanguage":"fr-FR","@id":"https:\/\/mintsnowboarding.com\/fr\/#\/schema\/person\/image\/","url":"https:\/\/secure.gravatar.com\/avatar\/6aff2713b9559cbd27dbb36cc462afcedbb2e2f55b59886268b44afb688180fa?s=96&d=mm&r=g","contentUrl":"https:\/\/secure.gravatar.com\/avatar\/6aff2713b9559cbd27dbb36cc462afcedbb2e2f55b59886268b44afb688180fa?s=96&d=mm&r=g","caption":"MINT Snowboarding"},"sameAs":["https:\/\/mintsnowboarding.com"]}]}},"_links":{"self":[{"href":"https:\/\/mintsnowboarding.com\/fr\/wp-json\/wp\/v2\/posts\/5524","targetHints":{"allow":["GET"]}}],"collection":[{"href":"https:\/\/mintsnowboarding.com\/fr\/wp-json\/wp\/v2\/posts"}],"about":[{"href":"https:\/\/mintsnowboarding.com\/fr\/wp-json\/wp\/v2\/types\/post"}],"author":[{"embeddable":true,"href":"https:\/\/mintsnowboarding.com\/fr\/wp-json\/wp\/v2\/users\/2"}],"replies":[{"embeddable":true,"href":"https:\/\/mintsnowboarding.com\/fr\/wp-json\/wp\/v2\/comments?post=5524"}],"version-history":[{"count":0,"href":"https:\/\/mintsnowboarding.com\/fr\/wp-json\/wp\/v2\/posts\/5524\/revisions"}],"wp:attachment":[{"href":"https:\/\/mintsnowboarding.com\/fr\/wp-json\/wp\/v2\/media?parent=5524"}],"wp:term":[{"taxonomy":"category","embeddable":true,"href":"https:\/\/mintsnowboarding.com\/fr\/wp-json\/wp\/v2\/categories?post=5524"}],"curies":[{"name":"wp","href":"https:\/\/api.w.org\/{rel}","templated":true}]}}