{"id":5477,"date":"2017-06-13T00:00:00","date_gmt":"2017-06-12T23:00:00","guid":{"rendered":"https:\/\/mintsnowboarding.com\/blog\/dates-douverture-des-remontees-mecaniques-pour-lhiver-2017-2018\/"},"modified":"2023-03-03T17:18:31","modified_gmt":"2023-03-03T17:18:31","slug":"dates-douverture-des-remontees-mecaniques-pour-lhiver-2017-2018","status":"publish","type":"post","link":"https:\/\/mintsnowboarding.com\/fr\/blog\/dates-douverture-des-remontees-mecaniques-pour-lhiver-2017-2018\/","title":{"rendered":"Dates d&rsquo;ouverture des remont\u00e9es m\u00e9caniques pour l&rsquo;hiver 2017 \/ 2018"},"content":{"rendered":"<p>Nous sommes ravis d&rsquo;annoncer que les <strong>dates d&rsquo;ouverture des remont\u00e9es m\u00e9caniques d&rsquo;Avoriaz, Chatel et Les Gets<\/strong> ont \u00e9t\u00e9 publi\u00e9es pour la saison 2017 \/ 2018 ! Il est temps de commencer \u00e0 planifier vos vacances de ski ou de snowboard dans les Portes du Soleil ! Les dates officielles d&rsquo;ouverture des remont\u00e9es m\u00e9caniques, telles que confirm\u00e9es par les offices de tourisme d&rsquo;Avoriaz, de Chatel et des Gets, sont les suivantes&#8230;<\/p>\n<p><strong>AVORIAZ<\/strong><\/p>\n<ul>\n<li>Date d&rsquo;ouverture des remont\u00e9es m\u00e9caniques d&rsquo;Avoriaz : <strong>Vendredi 15 d\u00e9cembre 2017<\/strong><\/li>\n<li>Fermeture des remont\u00e9es m\u00e9caniques d&rsquo;Avoriaz : <strong>dimanche 22 avril 2018<\/strong>.<\/li>\n<\/ul>\n<p><strong>MORZINE \/ PLENEY<\/strong><\/p>\n<p>A confirmer<\/p>\n<p><strong>LES GETS<\/strong><\/p>\n<ul>\n<li>Date d&rsquo;ouverture des remont\u00e9es m\u00e9caniques des Gets : <strong>samedi 23 d\u00e9cembre 2017 <\/strong>(En fonction des chutes de neige, cette date pourrait \u00eatre avanc\u00e9e au samedi 16 d\u00e9cembre 2017).<\/li>\n<li>Date de fermeture des remont\u00e9es m\u00e9caniques des Gets : <strong>dimanche 15 avril 2018<\/strong>.<\/li>\n<\/ul>\n<p><strong>CHATEL<\/strong><\/p>\n<ul>\n<li>Chatel ski gauche date d&rsquo;ouverture : <strong>samedi 23 d\u00e9cembre 2017<\/strong>.<\/li>\n<li>Date de fermeture des remont\u00e9es m\u00e9caniques de Chatel : <strong>dimanche 22 avril 2018<\/strong>.<\/li>\n<\/ul>\n<p>Chaque station de ski des Portes du Soleil a ses propres dates d&rsquo;ouverture des remont\u00e9es m\u00e9caniques. Les dates d&rsquo;ouverture des autres stations, dont Morzine \/ Pleney, restent \u00e0 confirmer. Gardez un \u0153il sur cette page et nous vous tiendrons inform\u00e9s.<\/p>\n<p>Des <strong>week-ends de pr\u00e9-ouverture<\/strong> sont \u00e9galement possibles dans certaines parties du domaine skiable des Portes du Soleil, notamment \u00e0 Avoriaz et aux Gets. Cela d\u00e9pendra de la neige et des conditions m\u00e9t\u00e9orologiques en d\u00e9but de saison.<\/p>\n<p>Les <strong>forfaits de ski<\/strong> n&rsquo;ont pas encore \u00e9t\u00e9 mis en vente pour l&rsquo;hiver 2017\/18. Nous vous tiendrons au courant de la date de mise en vente, ainsi que des d\u00e9tails des offres pour les premiers arriv\u00e9s et des r\u00e9ductions sp\u00e9ciales sur les forfaits de ski.<\/p>\n<p>Ici, \u00e0 l&rsquo;\u00e9cole de snowboard MINT, nous prenons d&rsquo;ores et d\u00e9j\u00e0 <a href=\"https:\/\/mintsnowboarding.com\/fr\/\"><br \/>\n  <strong>r\u00e9servations de le\u00e7ons de snowboard<\/strong><br \/>\n<\/a> pour l&rsquo;hiver prochain &#8211; alors pourquoi ne pas vous assurer de r\u00e9server vos heures de cours pr\u00e9f\u00e9r\u00e9es ou votre moniteur de snowboard pr\u00e9f\u00e9r\u00e9 en vous inscrivant d\u00e8s maintenant ! Notre programme de camps et de cours de snowboard sera bient\u00f4t publi\u00e9 avec une gamme \u00e9tendue d&rsquo;options de vacances de snowboard \u00e9piques disponibles.<\/p>\n","protected":false},"excerpt":{"rendered":"Les dates d&rsquo;ouverture des remont\u00e9es m\u00e9caniques d&rsquo;Avoriaz et de Morzine pour la saison d&rsquo;hiver 2017 &#8211; 2018 ont \u00e9t\u00e9 annonc\u00e9es. Il est temps de commencer \u00e0 planifier vos vacances de ski ou de snowboard dans les Portes du Soleil !","protected":false},"author":2,"featured_media":5486,"comment_status":"closed","ping_status":"closed","sticky":false,"template":"","format":"standard","meta":{"_acf_changed":false,"footnotes":""},"categories":[454],"class_list":["post-5477","post","type-post","status-publish","format-standard","has-post-thumbnail","hentry","category-nouvelles"],"acf":[],"yoast_head":"<!-- This site is optimized with the Yoast SEO plugin v26.7 - https:\/\/yoast.com\/wordpress\/plugins\/seo\/ -->\n<title>Dates d&#039;ouverture des remont\u00e9es m\u00e9caniques d&#039;hiver - Portes du Soleil - Avoriaz - Morzine<\/title>\n<meta name=\"description\" content=\"Les dates d&#039;ouverture des remont\u00e9es m\u00e9caniques d&#039;Avoriaz, Chatel et Les Gets dans les Portes du Soleil pour la saison d&#039;hiver 2017 - 2018 ont \u00e9t\u00e9 annonc\u00e9es. Morzine \/ Pleney TBC.\" \/>\n<meta name=\"robots\" content=\"index, follow, max-snippet:-1, max-image-preview:large, max-video-preview:-1\" \/>\n<link rel=\"canonical\" href=\"https:\/\/mintsnowboarding.com\/fr\/blog\/dates-douverture-des-remontees-mecaniques-pour-lhiver-2017-2018\/\" \/>\n<meta property=\"og:locale\" content=\"fr_FR\" \/>\n<meta property=\"og:type\" content=\"article\" \/>\n<meta property=\"og:title\" content=\"Dates d&#039;ouverture des remont\u00e9es m\u00e9caniques d&#039;hiver - Portes du Soleil - Avoriaz - Morzine\" \/>\n<meta property=\"og:description\" content=\"Les dates d&#039;ouverture des remont\u00e9es m\u00e9caniques d&#039;Avoriaz, Chatel et Les Gets dans les Portes du Soleil pour la saison d&#039;hiver 2017 - 2018 ont \u00e9t\u00e9 annonc\u00e9es. Morzine \/ Pleney TBC.\" \/>\n<meta property=\"og:url\" content=\"https:\/\/mintsnowboarding.com\/fr\/blog\/dates-douverture-des-remontees-mecaniques-pour-lhiver-2017-2018\/\" \/>\n<meta property=\"og:site_name\" content=\"MINT Snowboarding\" \/>\n<meta property=\"article:publisher\" content=\"https:\/\/www.facebook.com\/mintsnowboarding\/\" \/>\n<meta property=\"article:published_time\" content=\"2017-06-12T23:00:00+00:00\" \/>\n<meta property=\"article:modified_time\" content=\"2023-03-03T17:18:31+00:00\" \/>\n<meta property=\"og:image\" content=\"https:\/\/mintsnowboarding.com\/wp-content\/uploads\/2017\/07\/RHD_8795.jpg\" \/>\n\t<meta property=\"og:image:width\" content=\"1900\" \/>\n\t<meta property=\"og:image:height\" content=\"1262\" \/>\n\t<meta property=\"og:image:type\" content=\"image\/jpeg\" \/>\n<meta name=\"author\" content=\"MINT Snowboarding\" \/>\n<meta name=\"twitter:card\" content=\"summary_large_image\" \/>\n<meta name=\"twitter:creator\" content=\"@MINTSnowboard\" \/>\n<meta name=\"twitter:site\" content=\"@MINTSnowboard\" \/>\n<meta name=\"twitter:label1\" content=\"\u00c9crit par\" \/>\n\t<meta name=\"twitter:data1\" content=\"MINT Snowboarding\" \/>\n\t<meta name=\"twitter:label2\" content=\"Dur\u00e9e de lecture estim\u00e9e\" \/>\n\t<meta name=\"twitter:data2\" content=\"2 minutes\" \/>\n<script type=\"application\/ld+json\" class=\"yoast-schema-graph\">{\"@context\":\"https:\/\/schema.org\",\"@graph\":[{\"@type\":\"Article\",\"@id\":\"https:\/\/mintsnowboarding.com\/fr\/blog\/dates-douverture-des-remontees-mecaniques-pour-lhiver-2017-2018\/#article\",\"isPartOf\":{\"@id\":\"https:\/\/mintsnowboarding.com\/fr\/blog\/dates-douverture-des-remontees-mecaniques-pour-lhiver-2017-2018\/\"},\"author\":{\"name\":\"MINT Snowboarding\",\"@id\":\"https:\/\/mintsnowboarding.com\/fr\/#\/schema\/person\/bc479927200685cf05ea9312708d6244\"},\"headline\":\"Dates d&rsquo;ouverture des remont\u00e9es m\u00e9caniques pour l&rsquo;hiver 2017 \/ 2018\",\"datePublished\":\"2017-06-12T23:00:00+00:00\",\"dateModified\":\"2023-03-03T17:18:31+00:00\",\"mainEntityOfPage\":{\"@id\":\"https:\/\/mintsnowboarding.com\/fr\/blog\/dates-douverture-des-remontees-mecaniques-pour-lhiver-2017-2018\/\"},\"wordCount\":393,\"publisher\":{\"@id\":\"https:\/\/mintsnowboarding.com\/fr\/#organization\"},\"image\":{\"@id\":\"https:\/\/mintsnowboarding.com\/fr\/blog\/dates-douverture-des-remontees-mecaniques-pour-lhiver-2017-2018\/#primaryimage\"},\"thumbnailUrl\":\"https:\/\/mintsnowboarding.com\/wp-content\/uploads\/2017\/07\/RHD_8795.jpg\",\"articleSection\":[\"Nouvelles\"],\"inLanguage\":\"fr-FR\"},{\"@type\":\"WebPage\",\"@id\":\"https:\/\/mintsnowboarding.com\/fr\/blog\/dates-douverture-des-remontees-mecaniques-pour-lhiver-2017-2018\/\",\"url\":\"https:\/\/mintsnowboarding.com\/fr\/blog\/dates-douverture-des-remontees-mecaniques-pour-lhiver-2017-2018\/\",\"name\":\"Dates d'ouverture des remont\u00e9es m\u00e9caniques d'hiver - Portes du Soleil - Avoriaz - Morzine\",\"isPartOf\":{\"@id\":\"https:\/\/mintsnowboarding.com\/fr\/#website\"},\"primaryImageOfPage\":{\"@id\":\"https:\/\/mintsnowboarding.com\/fr\/blog\/dates-douverture-des-remontees-mecaniques-pour-lhiver-2017-2018\/#primaryimage\"},\"image\":{\"@id\":\"https:\/\/mintsnowboarding.com\/fr\/blog\/dates-douverture-des-remontees-mecaniques-pour-lhiver-2017-2018\/#primaryimage\"},\"thumbnailUrl\":\"https:\/\/mintsnowboarding.com\/wp-content\/uploads\/2017\/07\/RHD_8795.jpg\",\"datePublished\":\"2017-06-12T23:00:00+00:00\",\"dateModified\":\"2023-03-03T17:18:31+00:00\",\"description\":\"Les dates d'ouverture des remont\u00e9es m\u00e9caniques d'Avoriaz, Chatel et Les Gets dans les Portes du Soleil pour la saison d'hiver 2017 - 2018 ont \u00e9t\u00e9 annonc\u00e9es. Morzine \/ Pleney TBC.\",\"breadcrumb\":{\"@id\":\"https:\/\/mintsnowboarding.com\/fr\/blog\/dates-douverture-des-remontees-mecaniques-pour-lhiver-2017-2018\/#breadcrumb\"},\"inLanguage\":\"fr-FR\",\"potentialAction\":[{\"@type\":\"ReadAction\",\"target\":[\"https:\/\/mintsnowboarding.com\/fr\/blog\/dates-douverture-des-remontees-mecaniques-pour-lhiver-2017-2018\/\"]}]},{\"@type\":\"ImageObject\",\"inLanguage\":\"fr-FR\",\"@id\":\"https:\/\/mintsnowboarding.com\/fr\/blog\/dates-douverture-des-remontees-mecaniques-pour-lhiver-2017-2018\/#primaryimage\",\"url\":\"https:\/\/mintsnowboarding.com\/wp-content\/uploads\/2017\/07\/RHD_8795.jpg\",\"contentUrl\":\"https:\/\/mintsnowboarding.com\/wp-content\/uploads\/2017\/07\/RHD_8795.jpg\",\"width\":1900,\"height\":1262},{\"@type\":\"BreadcrumbList\",\"@id\":\"https:\/\/mintsnowboarding.com\/fr\/blog\/dates-douverture-des-remontees-mecaniques-pour-lhiver-2017-2018\/#breadcrumb\",\"itemListElement\":[{\"@type\":\"ListItem\",\"position\":1,\"name\":\"Home\",\"item\":\"https:\/\/mintsnowboarding.com\/fr\/accueil\/\"},{\"@type\":\"ListItem\",\"position\":2,\"name\":\"Dates d&rsquo;ouverture des remont\u00e9es m\u00e9caniques pour l&rsquo;hiver 2017 \/ 2018\"}]},{\"@type\":\"WebSite\",\"@id\":\"https:\/\/mintsnowboarding.com\/fr\/#website\",\"url\":\"https:\/\/mintsnowboarding.com\/fr\/\",\"name\":\"MINT Snowboarding\",\"description\":\"\",\"publisher\":{\"@id\":\"https:\/\/mintsnowboarding.com\/fr\/#organization\"},\"potentialAction\":[{\"@type\":\"SearchAction\",\"target\":{\"@type\":\"EntryPoint\",\"urlTemplate\":\"https:\/\/mintsnowboarding.com\/fr\/?s={search_term_string}\"},\"query-input\":{\"@type\":\"PropertyValueSpecification\",\"valueRequired\":true,\"valueName\":\"search_term_string\"}}],\"inLanguage\":\"fr-FR\"},{\"@type\":\"Organization\",\"@id\":\"https:\/\/mintsnowboarding.com\/fr\/#organization\",\"name\":\"MINT Snowboarding\",\"url\":\"https:\/\/mintsnowboarding.com\/fr\/\",\"logo\":{\"@type\":\"ImageObject\",\"inLanguage\":\"fr-FR\",\"@id\":\"https:\/\/mintsnowboarding.com\/fr\/#\/schema\/logo\/image\/\",\"url\":\"https:\/\/mintsnowboarding.com\/wp-content\/uploads\/2017\/10\/mint-logo-text.png\",\"contentUrl\":\"https:\/\/mintsnowboarding.com\/wp-content\/uploads\/2017\/10\/mint-logo-text.png\",\"width\":486,\"height\":226,\"caption\":\"MINT Snowboarding\"},\"image\":{\"@id\":\"https:\/\/mintsnowboarding.com\/fr\/#\/schema\/logo\/image\/\"},\"sameAs\":[\"https:\/\/www.facebook.com\/mintsnowboarding\/\",\"https:\/\/x.com\/MINTSnowboard\",\"https:\/\/www.instagram.com\/mintsnowboarding\/\"]},{\"@type\":\"Person\",\"@id\":\"https:\/\/mintsnowboarding.com\/fr\/#\/schema\/person\/bc479927200685cf05ea9312708d6244\",\"name\":\"MINT Snowboarding\",\"image\":{\"@type\":\"ImageObject\",\"inLanguage\":\"fr-FR\",\"@id\":\"https:\/\/mintsnowboarding.com\/fr\/#\/schema\/person\/image\/\",\"url\":\"https:\/\/secure.gravatar.com\/avatar\/6aff2713b9559cbd27dbb36cc462afcedbb2e2f55b59886268b44afb688180fa?s=96&d=mm&r=g\",\"contentUrl\":\"https:\/\/secure.gravatar.com\/avatar\/6aff2713b9559cbd27dbb36cc462afcedbb2e2f55b59886268b44afb688180fa?s=96&d=mm&r=g\",\"caption\":\"MINT Snowboarding\"},\"sameAs\":[\"https:\/\/mintsnowboarding.com\"]}]}<\/script>\n<!-- \/ Yoast SEO plugin. -->","yoast_head_json":{"title":"Dates d'ouverture des remont\u00e9es m\u00e9caniques d'hiver - Portes du Soleil - Avoriaz - Morzine","description":"Les dates d'ouverture des remont\u00e9es m\u00e9caniques d'Avoriaz, Chatel et Les Gets dans les Portes du Soleil pour la saison d'hiver 2017 - 2018 ont \u00e9t\u00e9 annonc\u00e9es. Morzine \/ Pleney TBC.","robots":{"index":"index","follow":"follow","max-snippet":"max-snippet:-1","max-image-preview":"max-image-preview:large","max-video-preview":"max-video-preview:-1"},"canonical":"https:\/\/mintsnowboarding.com\/fr\/blog\/dates-douverture-des-remontees-mecaniques-pour-lhiver-2017-2018\/","og_locale":"fr_FR","og_type":"article","og_title":"Dates d'ouverture des remont\u00e9es m\u00e9caniques d'hiver - Portes du Soleil - Avoriaz - Morzine","og_description":"Les dates d'ouverture des remont\u00e9es m\u00e9caniques d'Avoriaz, Chatel et Les Gets dans les Portes du Soleil pour la saison d'hiver 2017 - 2018 ont \u00e9t\u00e9 annonc\u00e9es. Morzine \/ Pleney TBC.","og_url":"https:\/\/mintsnowboarding.com\/fr\/blog\/dates-douverture-des-remontees-mecaniques-pour-lhiver-2017-2018\/","og_site_name":"MINT Snowboarding","article_publisher":"https:\/\/www.facebook.com\/mintsnowboarding\/","article_published_time":"2017-06-12T23:00:00+00:00","article_modified_time":"2023-03-03T17:18:31+00:00","og_image":[{"width":1900,"height":1262,"url":"https:\/\/mintsnowboarding.com\/wp-content\/uploads\/2017\/07\/RHD_8795.jpg","type":"image\/jpeg"}],"author":"MINT Snowboarding","twitter_card":"summary_large_image","twitter_creator":"@MINTSnowboard","twitter_site":"@MINTSnowboard","twitter_misc":{"\u00c9crit par":"MINT Snowboarding","Dur\u00e9e de lecture estim\u00e9e":"2 minutes"},"schema":{"@context":"https:\/\/schema.org","@graph":[{"@type":"Article","@id":"https:\/\/mintsnowboarding.com\/fr\/blog\/dates-douverture-des-remontees-mecaniques-pour-lhiver-2017-2018\/#article","isPartOf":{"@id":"https:\/\/mintsnowboarding.com\/fr\/blog\/dates-douverture-des-remontees-mecaniques-pour-lhiver-2017-2018\/"},"author":{"name":"MINT Snowboarding","@id":"https:\/\/mintsnowboarding.com\/fr\/#\/schema\/person\/bc479927200685cf05ea9312708d6244"},"headline":"Dates d&rsquo;ouverture des remont\u00e9es m\u00e9caniques pour l&rsquo;hiver 2017 \/ 2018","datePublished":"2017-06-12T23:00:00+00:00","dateModified":"2023-03-03T17:18:31+00:00","mainEntityOfPage":{"@id":"https:\/\/mintsnowboarding.com\/fr\/blog\/dates-douverture-des-remontees-mecaniques-pour-lhiver-2017-2018\/"},"wordCount":393,"publisher":{"@id":"https:\/\/mintsnowboarding.com\/fr\/#organization"},"image":{"@id":"https:\/\/mintsnowboarding.com\/fr\/blog\/dates-douverture-des-remontees-mecaniques-pour-lhiver-2017-2018\/#primaryimage"},"thumbnailUrl":"https:\/\/mintsnowboarding.com\/wp-content\/uploads\/2017\/07\/RHD_8795.jpg","articleSection":["Nouvelles"],"inLanguage":"fr-FR"},{"@type":"WebPage","@id":"https:\/\/mintsnowboarding.com\/fr\/blog\/dates-douverture-des-remontees-mecaniques-pour-lhiver-2017-2018\/","url":"https:\/\/mintsnowboarding.com\/fr\/blog\/dates-douverture-des-remontees-mecaniques-pour-lhiver-2017-2018\/","name":"Dates d'ouverture des remont\u00e9es m\u00e9caniques d'hiver - Portes du Soleil - Avoriaz - Morzine","isPartOf":{"@id":"https:\/\/mintsnowboarding.com\/fr\/#website"},"primaryImageOfPage":{"@id":"https:\/\/mintsnowboarding.com\/fr\/blog\/dates-douverture-des-remontees-mecaniques-pour-lhiver-2017-2018\/#primaryimage"},"image":{"@id":"https:\/\/mintsnowboarding.com\/fr\/blog\/dates-douverture-des-remontees-mecaniques-pour-lhiver-2017-2018\/#primaryimage"},"thumbnailUrl":"https:\/\/mintsnowboarding.com\/wp-content\/uploads\/2017\/07\/RHD_8795.jpg","datePublished":"2017-06-12T23:00:00+00:00","dateModified":"2023-03-03T17:18:31+00:00","description":"Les dates d'ouverture des remont\u00e9es m\u00e9caniques d'Avoriaz, Chatel et Les Gets dans les Portes du Soleil pour la saison d'hiver 2017 - 2018 ont \u00e9t\u00e9 annonc\u00e9es. Morzine \/ Pleney TBC.","breadcrumb":{"@id":"https:\/\/mintsnowboarding.com\/fr\/blog\/dates-douverture-des-remontees-mecaniques-pour-lhiver-2017-2018\/#breadcrumb"},"inLanguage":"fr-FR","potentialAction":[{"@type":"ReadAction","target":["https:\/\/mintsnowboarding.com\/fr\/blog\/dates-douverture-des-remontees-mecaniques-pour-lhiver-2017-2018\/"]}]},{"@type":"ImageObject","inLanguage":"fr-FR","@id":"https:\/\/mintsnowboarding.com\/fr\/blog\/dates-douverture-des-remontees-mecaniques-pour-lhiver-2017-2018\/#primaryimage","url":"https:\/\/mintsnowboarding.com\/wp-content\/uploads\/2017\/07\/RHD_8795.jpg","contentUrl":"https:\/\/mintsnowboarding.com\/wp-content\/uploads\/2017\/07\/RHD_8795.jpg","width":1900,"height":1262},{"@type":"BreadcrumbList","@id":"https:\/\/mintsnowboarding.com\/fr\/blog\/dates-douverture-des-remontees-mecaniques-pour-lhiver-2017-2018\/#breadcrumb","itemListElement":[{"@type":"ListItem","position":1,"name":"Home","item":"https:\/\/mintsnowboarding.com\/fr\/accueil\/"},{"@type":"ListItem","position":2,"name":"Dates d&rsquo;ouverture des remont\u00e9es m\u00e9caniques pour l&rsquo;hiver 2017 \/ 2018"}]},{"@type":"WebSite","@id":"https:\/\/mintsnowboarding.com\/fr\/#website","url":"https:\/\/mintsnowboarding.com\/fr\/","name":"MINT Snowboarding","description":"","publisher":{"@id":"https:\/\/mintsnowboarding.com\/fr\/#organization"},"potentialAction":[{"@type":"SearchAction","target":{"@type":"EntryPoint","urlTemplate":"https:\/\/mintsnowboarding.com\/fr\/?s={search_term_string}"},"query-input":{"@type":"PropertyValueSpecification","valueRequired":true,"valueName":"search_term_string"}}],"inLanguage":"fr-FR"},{"@type":"Organization","@id":"https:\/\/mintsnowboarding.com\/fr\/#organization","name":"MINT Snowboarding","url":"https:\/\/mintsnowboarding.com\/fr\/","logo":{"@type":"ImageObject","inLanguage":"fr-FR","@id":"https:\/\/mintsnowboarding.com\/fr\/#\/schema\/logo\/image\/","url":"https:\/\/mintsnowboarding.com\/wp-content\/uploads\/2017\/10\/mint-logo-text.png","contentUrl":"https:\/\/mintsnowboarding.com\/wp-content\/uploads\/2017\/10\/mint-logo-text.png","width":486,"height":226,"caption":"MINT Snowboarding"},"image":{"@id":"https:\/\/mintsnowboarding.com\/fr\/#\/schema\/logo\/image\/"},"sameAs":["https:\/\/www.facebook.com\/mintsnowboarding\/","https:\/\/x.com\/MINTSnowboard","https:\/\/www.instagram.com\/mintsnowboarding\/"]},{"@type":"Person","@id":"https:\/\/mintsnowboarding.com\/fr\/#\/schema\/person\/bc479927200685cf05ea9312708d6244","name":"MINT Snowboarding","image":{"@type":"ImageObject","inLanguage":"fr-FR","@id":"https:\/\/mintsnowboarding.com\/fr\/#\/schema\/person\/image\/","url":"https:\/\/secure.gravatar.com\/avatar\/6aff2713b9559cbd27dbb36cc462afcedbb2e2f55b59886268b44afb688180fa?s=96&d=mm&r=g","contentUrl":"https:\/\/secure.gravatar.com\/avatar\/6aff2713b9559cbd27dbb36cc462afcedbb2e2f55b59886268b44afb688180fa?s=96&d=mm&r=g","caption":"MINT Snowboarding"},"sameAs":["https:\/\/mintsnowboarding.com"]}]}},"_links":{"self":[{"href":"https:\/\/mintsnowboarding.com\/fr\/wp-json\/wp\/v2\/posts\/5477","targetHints":{"allow":["GET"]}}],"collection":[{"href":"https:\/\/mintsnowboarding.com\/fr\/wp-json\/wp\/v2\/posts"}],"about":[{"href":"https:\/\/mintsnowboarding.com\/fr\/wp-json\/wp\/v2\/types\/post"}],"author":[{"embeddable":true,"href":"https:\/\/mintsnowboarding.com\/fr\/wp-json\/wp\/v2\/users\/2"}],"replies":[{"embeddable":true,"href":"https:\/\/mintsnowboarding.com\/fr\/wp-json\/wp\/v2\/comments?post=5477"}],"version-history":[{"count":0,"href":"https:\/\/mintsnowboarding.com\/fr\/wp-json\/wp\/v2\/posts\/5477\/revisions"}],"wp:featuredmedia":[{"embeddable":true,"href":"https:\/\/mintsnowboarding.com\/fr\/wp-json\/wp\/v2\/media\/5486"}],"wp:attachment":[{"href":"https:\/\/mintsnowboarding.com\/fr\/wp-json\/wp\/v2\/media?parent=5477"}],"wp:term":[{"taxonomy":"category","embeddable":true,"href":"https:\/\/mintsnowboarding.com\/fr\/wp-json\/wp\/v2\/categories?post=5477"}],"curies":[{"name":"wp","href":"https:\/\/api.w.org\/{rel}","templated":true}]}}